{"id":6514,"date":"2026-09-02T12:08:06","date_gmt":"2026-09-02T10:08:06","guid":{"rendered":"https:\/\/otlica.splet.arnes.si\/?p=6514"},"modified":"2026-09-02T12:08:06","modified_gmt":"2026-09-02T10:08:06","slug":"prvi-solski-dan-3","status":"publish","type":"post","link":"https:\/\/otlica.splet.arnes.si\/?p=6514","title":{"rendered":"Prvi \u0161olski dan"},"content":{"rendered":"\n<p>Prvi \u0161olski dan smo za\u010deli v avli, kjer je u\u010dence od 2. do 9. razreda nagovorila ravnateljica. Nato so se u\u010denci s svojimi razredni\u010darkami odpravili v u\u010dilnice, kjer so ob pripovedovanju o poletnih dogodiv\u0161\u010dinah obujali po\u010ditni\u0161ke spomine, ponovili \u0161olska pravila in potipali, koliko znanja je &#8220;pre\u017eivelo&#8221; \u010dez dolge poletne po\u010ditnice.<\/p>\n\n\n\n<p>Prvo\u0161olci s svojim star\u0161i so v \u0161olo pri\u0161li nekoliko kasneje. Zanje sta razredni\u010darka in svetovalna delavka pripravili prav poseben sprejem s kulturnim programom, v katerem je glavno vlogo odigral Kekec. Kot se spodobi za tak\u0161en praznik, so se ob koncu posladkali \u0161e s torto.<\/p>\n\n\n\n<p>Tako smo v novo \u0161olsko leto vstopili spro\u0161\u010deno, nasmejano in polni pri\u010dakovanj. (I.L.)<\/p>\n\n\n\n<figure class=\"wp-block-gallery has-nested-images columns-default is-cropped wp-block-gallery-1 is-layout-flex wp-block-gallery-is-layout-flex\">\n<figure class=\"wp-block-image size-large\"><a href=\"https:\/\/otlica.splet.arnes.si\/files\/2026\/09\/IMG_20260901_205120-scaled.jpg\"><img loading=\"lazy\" decoding=\"async\" width=\"1024\" height=\"859\" data-id=\"6517\" src=\"https:\/\/otlica.splet.arnes.si\/files\/2026\/09\/IMG_20260901_205120-1024x859.jpg\" alt=\"\" class=\"wp-image-6517\" srcset=\"https:\/\/otlica.splet.arnes.si\/files\/2026\/09\/IMG_20260901_205120-1024x859.jpg 1024w, https:\/\/otlica.splet.arnes.si\/files\/2026\/09\/IMG_20260901_205120-300x252.jpg 300w, https:\/\/otlica.splet.arnes.si\/files\/2026\/09\/IMG_20260901_205120-768x644.jpg 768w, https:\/\/otlica.splet.arnes.si\/files\/2026\/09\/IMG_20260901_205120-1536x1289.jpg 1536w, https:\/\/otlica.splet.arnes.si\/files\/2026\/09\/IMG_20260901_205120-2048x1718.jpg 2048w, https:\/\/otlica.splet.arnes.si\/files\/2026\/09\/IMG_20260901_205120-947x794.jpg 947w, https:\/\/otlica.splet.arnes.si\/files\/2026\/09\/IMG_20260901_205120-624x523.jpg 624w\" sizes=\"auto, (max-width: 1024px) 100vw, 1024px\" \/><\/a><\/figure>\n\n\n\n<figure class=\"wp-block-image size-large\"><a href=\"https:\/\/otlica.splet.arnes.si\/files\/2026\/09\/IMG_20260901_205211-scaled.jpg\"><img loading=\"lazy\" decoding=\"async\" width=\"1024\" height=\"632\" data-id=\"6516\" src=\"https:\/\/otlica.splet.arnes.si\/files\/2026\/09\/IMG_20260901_205211-1024x632.jpg\" alt=\"\" class=\"wp-image-6516\" srcset=\"https:\/\/otlica.splet.arnes.si\/files\/2026\/09\/IMG_20260901_205211-1024x632.jpg 1024w, https:\/\/otlica.splet.arnes.si\/files\/2026\/09\/IMG_20260901_205211-300x185.jpg 300w, https:\/\/otlica.splet.arnes.si\/files\/2026\/09\/IMG_20260901_205211-768x474.jpg 768w, https:\/\/otlica.splet.arnes.si\/files\/2026\/09\/IMG_20260901_205211-1536x948.jpg 1536w, https:\/\/otlica.splet.arnes.si\/files\/2026\/09\/IMG_20260901_205211-2048x1264.jpg 2048w, https:\/\/otlica.splet.arnes.si\/files\/2026\/09\/IMG_20260901_205211-947x585.jpg 947w, https:\/\/otlica.splet.arnes.si\/files\/2026\/09\/IMG_20260901_205211-624x385.jpg 624w\" sizes=\"auto, (max-width: 1024px) 100vw, 1024px\" \/><\/a><\/figure>\n\n\n\n<figure class=\"wp-block-image size-large\"><a href=\"https:\/\/otlica.splet.arnes.si\/files\/2026\/09\/IMG_20260902_074259-scaled.jpg\"><img loading=\"lazy\" decoding=\"async\" width=\"1024\" height=\"771\" data-id=\"6515\" src=\"https:\/\/otlica.splet.arnes.si\/files\/2026\/09\/IMG_20260902_074259-1024x771.jpg\" alt=\"\" class=\"wp-image-6515\" srcset=\"https:\/\/otlica.splet.arnes.si\/files\/2026\/09\/IMG_20260902_074259-1024x771.jpg 1024w, https:\/\/otlica.splet.arnes.si\/files\/2026\/09\/IMG_20260902_074259-300x226.jpg 300w, https:\/\/otlica.splet.arnes.si\/files\/2026\/09\/IMG_20260902_074259-768x578.jpg 768w, https:\/\/otlica.splet.arnes.si\/files\/2026\/09\/IMG_20260902_074259-1536x1157.jpg 1536w, https:\/\/otlica.splet.arnes.si\/files\/2026\/09\/IMG_20260902_074259-2048x1542.jpg 2048w, https:\/\/otlica.splet.arnes.si\/files\/2026\/09\/IMG_20260902_074259-947x713.jpg 947w, https:\/\/otlica.splet.arnes.si\/files\/2026\/09\/IMG_20260902_074259-624x470.jpg 624w\" sizes=\"auto, (max-width: 1024px) 100vw, 1024px\" \/><\/a><\/figure>\n<\/figure>\n\n\n\n<p><\/p>\n","protected":false},"excerpt":{"rendered":"<p>Prvi \u0161olski dan smo za\u010deli v avli, kjer je u\u010dence od 2. do 9. razreda nagovorila ravnateljica. Nato so se u\u010denci s svojimi razredni\u010darkami odpravili v u\u010dilnice, kjer so ob [&hellip;]<\/p>\n","protected":false},"author":2738,"featured_media":6515,"comment_status":"closed","ping_status":"open","sticky":false,"template":"","format":"standard","meta":{"ngg_post_thumbnail":0,"footnotes":""},"categories":[11],"tags":[],"class_list":["post-6514","post","type-post","status-publish","format-standard","has-post-thumbnail","hentry","category-kaj-se-dogaja"],"_links":{"self":[{"href":"https:\/\/otlica.splet.arnes.si\/index.php?rest_route=\/wp\/v2\/posts\/6514","targetHints":{"allow":["GET"]}}],"collection":[{"href":"https:\/\/otlica.splet.arnes.si\/index.php?rest_route=\/wp\/v2\/posts"}],"about":[{"href":"https:\/\/otlica.splet.arnes.si\/index.php?rest_route=\/wp\/v2\/types\/post"}],"author":[{"embeddable":true,"href":"https:\/\/otlica.splet.arnes.si\/index.php?rest_route=\/wp\/v2\/users\/2738"}],"replies":[{"embeddable":true,"href":"https:\/\/otlica.splet.arnes.si\/index.php?rest_route=%2Fwp%2Fv2%2Fcomments&post=6514"}],"version-history":[{"count":1,"href":"https:\/\/otlica.splet.arnes.si\/index.php?rest_route=\/wp\/v2\/posts\/6514\/revisions"}],"predecessor-version":[{"id":6518,"href":"https:\/\/otlica.splet.arnes.si\/index.php?rest_route=\/wp\/v2\/posts\/6514\/revisions\/6518"}],"wp:featuredmedia":[{"embeddable":true,"href":"https:\/\/otlica.splet.arnes.si\/index.php?rest_route=\/wp\/v2\/media\/6515"}],"wp:attachment":[{"href":"https:\/\/otlica.splet.arnes.si\/index.php?rest_route=%2Fwp%2Fv2%2Fmedia&parent=6514"}],"wp:term":[{"taxonomy":"category","embeddable":true,"href":"https:\/\/otlica.splet.arnes.si\/index.php?rest_route=%2Fwp%2Fv2%2Fcategories&post=6514"},{"taxonomy":"post_tag","embeddable":true,"href":"https:\/\/otlica.splet.arnes.si\/index.php?rest_route=%2Fwp%2Fv2%2Ftags&post=6514"}],"curies":[{"name":"wp","href":"https:\/\/api.w.org\/{rel}","templated":true}]}}