{"id":5454,"date":"2025-09-15T12:31:21","date_gmt":"2025-09-15T10:31:21","guid":{"rendered":"https:\/\/otlica.splet.arnes.si\/?p=5454"},"modified":"2025-09-15T12:31:21","modified_gmt":"2025-09-15T10:31:21","slug":"obelezitev-praznika","status":"publish","type":"post","link":"https:\/\/otlica.splet.arnes.si\/?p=5454","title":{"rendered":"OBELE\u017dITEV PRAZNIKA"},"content":{"rendered":"\n<p>Danes mineva 78 let, odkar je za\u010dela veljati pari\u0161ka mirovna pogodba, s katero se je ve\u010dji del Primorske zopet priklju\u010dil mati\u010dni domovini. Na ta pomemben dogodek smo se spomnili tudi u\u010denci O\u0160 Otlica in obele\u017eili dr\u017eavni praznik, t. i. priklju\u010ditev Primorske k mati\u010dni domovini.<\/p>\n\n\n\n<p>Uvodoma so po \u0161olskem hodniku zadoneli verzi 7. kitice Zdravljice \u00bb<em>\u017dive naj vsi narodi \u2026<\/em>\u00ab, nato smo predstavili zgodovinsko ozadje tega pomembnega dogodka, nazadnje pa smo prisluhnili \u0161e recitaciji neuradne himne primorskih de\u017eel \u2013 <em>Vstala Primorska<\/em>.<\/p>\n\n\n\n<p>Ob tem je zagotovo marsikoga preplavila misel: \u00bbPonosen sem, da sem Slovenec. Ponosen sem, da je moj dom na Primorskem, kjer se razlega lepa slovenska beseda.\u00ab<\/p>\n\n\n\n<div class=\"wp-block-media-text is-stacked-on-mobile\"><figure class=\"wp-block-media-text__media\"><img loading=\"lazy\" decoding=\"async\" width=\"1024\" height=\"672\" src=\"https:\/\/otlica.splet.arnes.si\/files\/2025\/09\/l_1159247_1-1024x672.jpg\" alt=\"\" class=\"wp-image-5455 size-full\" srcset=\"https:\/\/otlica.splet.arnes.si\/files\/2025\/09\/l_1159247_1-1024x672.jpg 1024w, https:\/\/otlica.splet.arnes.si\/files\/2025\/09\/l_1159247_1-300x197.jpg 300w, https:\/\/otlica.splet.arnes.si\/files\/2025\/09\/l_1159247_1-768x504.jpg 768w, https:\/\/otlica.splet.arnes.si\/files\/2025\/09\/l_1159247_1-947x621.jpg 947w, https:\/\/otlica.splet.arnes.si\/files\/2025\/09\/l_1159247_1-624x409.jpg 624w, https:\/\/otlica.splet.arnes.si\/files\/2025\/09\/l_1159247_1-365x240.jpg 365w, https:\/\/otlica.splet.arnes.si\/files\/2025\/09\/l_1159247_1-84x56.jpg 84w, https:\/\/otlica.splet.arnes.si\/files\/2025\/09\/l_1159247_1.jpg 1200w\" sizes=\"auto, (max-width: 1024px) 100vw, 1024px\" \/><\/figure><div class=\"wp-block-media-text__content\">\n<p><\/p>\n<\/div><\/div>\n","protected":false},"excerpt":{"rendered":"<p>Danes mineva 78 let, odkar je za\u010dela veljati pari\u0161ka mirovna pogodba, s katero se je ve\u010dji del Primorske zopet priklju\u010dil mati\u010dni domovini. Na ta pomemben dogodek smo se spomnili tudi [&hellip;]<\/p>\n","protected":false},"author":2738,"featured_media":0,"comment_status":"closed","ping_status":"open","sticky":false,"template":"","format":"standard","meta":{"ngg_post_thumbnail":0,"footnotes":""},"categories":[11],"tags":[],"class_list":["post-5454","post","type-post","status-publish","format-standard","hentry","category-kaj-se-dogaja"],"_links":{"self":[{"href":"https:\/\/otlica.splet.arnes.si\/index.php?rest_route=\/wp\/v2\/posts\/5454","targetHints":{"allow":["GET"]}}],"collection":[{"href":"https:\/\/otlica.splet.arnes.si\/index.php?rest_route=\/wp\/v2\/posts"}],"about":[{"href":"https:\/\/otlica.splet.arnes.si\/index.php?rest_route=\/wp\/v2\/types\/post"}],"author":[{"embeddable":true,"href":"https:\/\/otlica.splet.arnes.si\/index.php?rest_route=\/wp\/v2\/users\/2738"}],"replies":[{"embeddable":true,"href":"https:\/\/otlica.splet.arnes.si\/index.php?rest_route=%2Fwp%2Fv2%2Fcomments&post=5454"}],"version-history":[{"count":1,"href":"https:\/\/otlica.splet.arnes.si\/index.php?rest_route=\/wp\/v2\/posts\/5454\/revisions"}],"predecessor-version":[{"id":5456,"href":"https:\/\/otlica.splet.arnes.si\/index.php?rest_route=\/wp\/v2\/posts\/5454\/revisions\/5456"}],"wp:attachment":[{"href":"https:\/\/otlica.splet.arnes.si\/index.php?rest_route=%2Fwp%2Fv2%2Fmedia&parent=5454"}],"wp:term":[{"taxonomy":"category","embeddable":true,"href":"https:\/\/otlica.splet.arnes.si\/index.php?rest_route=%2Fwp%2Fv2%2Fcategories&post=5454"},{"taxonomy":"post_tag","embeddable":true,"href":"https:\/\/otlica.splet.arnes.si\/index.php?rest_route=%2Fwp%2Fv2%2Ftags&post=5454"}],"curies":[{"name":"wp","href":"https:\/\/api.w.org\/{rel}","templated":true}]}}