{"id":5348,"date":"2025-04-17T07:11:42","date_gmt":"2025-04-17T05:11:42","guid":{"rendered":"https:\/\/otlica.splet.arnes.si\/?p=5348"},"modified":"2025-04-17T07:11:42","modified_gmt":"2025-04-17T05:11:42","slug":"festival-dusevnega-zdravja","status":"publish","type":"post","link":"https:\/\/otlica.splet.arnes.si\/?p=5348","title":{"rendered":"Festival du\u0161evnega zdravja"},"content":{"rendered":"\n<p>SPORO\u010cILO ZA JAVNOST<\/p>\n\n\n\n<p>Ljubljana, 15. april 2025<\/p>\n\n\n\n<p>Spo\u0161tovani,<\/p>\n\n\n\n<p>generalni direktor Nacionalnega in\u0161tituta za javno zdravje izr. prof. dr. Branko Gabrovec in pod\u017eupanja Mestne ob\u010dine Koper Jasna Softi\u0107 sta danes v Pretorski pala\u010di v Kopru podpisala dogovor o organizaciji, promociji in izvedbi leto\u0161njega Festivala du\u0161evnega zdravja, ki bo potekal 23. maja 2025 na Titovem trgu v Kopru.&nbsp;Festival, ki bo potekal pod \u010dastnim pokroviteljstvom predsednice Republike Slovenije dr. Nata\u0161e Pirc Musar, bo ponudil \u0161tevilne delavnice, predavanja ter pogovore z razli\u010dnimi strokovnjaki.&nbsp;<\/p>\n\n\n\n<p>Sporo\u010dilo za javnost je na voljo&nbsp;<a href=\"https:\/\/nijz.si\/zivljenjski-slog\/dusevno-zdravje\/festival-dusevnega-zdravja-letos-v-kopru\/\" target=\"_blank\" rel=\"noreferrer noopener\">na naslednji povezavi<\/a>.<\/p>\n\n\n\n<p>Lep pozdrav,<\/p>\n\n\n\n<p>Center za komuniciranje<\/p>\n\n\n\n<p>Trubarjeva cesta 2, SI &#8211; 1000 Ljubljana<\/p>\n\n\n\n<p>T&nbsp;&nbsp;&nbsp;01 2441 494, 01 2441 449<br>E&nbsp;&nbsp;&nbsp;<a href=\"&#x6d;&#x61;&#105;l&#x74;&#x6f;&#58;pr&#x40;&#x6e;&#105;j&#x7a;&#x2e;&#115;&#105;\">&#x70;&#114;&#64;n&#x69;&#x6a;&#122;&#46;&#x73;&#x69;<\/a><\/p>\n\n\n\n<p><a href=\"http:\/\/www.nijz.si\/\" target=\"_blank\" rel=\"noreferrer noopener\">www.nijz.si<\/a><\/p>\n\n\n\n<figure class=\"wp-block-image\"><img decoding=\"async\" src=\"https:\/\/webmail.arnes.si\/?_task=mail&amp;_action=get&amp;_mbox=INBOX&amp;_uid=26302&amp;_token=bCvKvuA6uzIFBjhmji6zDSXS9vc1eEj1&amp;_part=1.2.2&amp;_embed=1&amp;_mimeclass=image\" alt=\"Image\" \/><\/figure>\n","protected":false},"excerpt":{"rendered":"<p>SPORO\u010cILO ZA JAVNOST Ljubljana, 15. april 2025 Spo\u0161tovani, generalni direktor Nacionalnega in\u0161tituta za javno zdravje izr. prof. dr. Branko Gabrovec in pod\u017eupanja Mestne ob\u010dine Koper Jasna Softi\u0107 sta danes v [&hellip;]<\/p>\n","protected":false},"author":2738,"featured_media":0,"comment_status":"closed","ping_status":"open","sticky":false,"template":"","format":"standard","meta":{"ngg_post_thumbnail":0,"footnotes":""},"categories":[11],"tags":[],"class_list":["post-5348","post","type-post","status-publish","format-standard","hentry","category-kaj-se-dogaja"],"_links":{"self":[{"href":"https:\/\/otlica.splet.arnes.si\/index.php?rest_route=\/wp\/v2\/posts\/5348","targetHints":{"allow":["GET"]}}],"collection":[{"href":"https:\/\/otlica.splet.arnes.si\/index.php?rest_route=\/wp\/v2\/posts"}],"about":[{"href":"https:\/\/otlica.splet.arnes.si\/index.php?rest_route=\/wp\/v2\/types\/post"}],"author":[{"embeddable":true,"href":"https:\/\/otlica.splet.arnes.si\/index.php?rest_route=\/wp\/v2\/users\/2738"}],"replies":[{"embeddable":true,"href":"https:\/\/otlica.splet.arnes.si\/index.php?rest_route=%2Fwp%2Fv2%2Fcomments&post=5348"}],"version-history":[{"count":1,"href":"https:\/\/otlica.splet.arnes.si\/index.php?rest_route=\/wp\/v2\/posts\/5348\/revisions"}],"predecessor-version":[{"id":5349,"href":"https:\/\/otlica.splet.arnes.si\/index.php?rest_route=\/wp\/v2\/posts\/5348\/revisions\/5349"}],"wp:attachment":[{"href":"https:\/\/otlica.splet.arnes.si\/index.php?rest_route=%2Fwp%2Fv2%2Fmedia&parent=5348"}],"wp:term":[{"taxonomy":"category","embeddable":true,"href":"https:\/\/otlica.splet.arnes.si\/index.php?rest_route=%2Fwp%2Fv2%2Fcategories&post=5348"},{"taxonomy":"post_tag","embeddable":true,"href":"https:\/\/otlica.splet.arnes.si\/index.php?rest_route=%2Fwp%2Fv2%2Ftags&post=5348"}],"curies":[{"name":"wp","href":"https:\/\/api.w.org\/{rel}","templated":true}]}}